{"id":80,"date":"2022-04-07T05:29:58","date_gmt":"2022-04-07T05:29:58","guid":{"rendered":"https:\/\/gutleut.org\/schoen28\/?p=80"},"modified":"2022-04-07T05:47:45","modified_gmt":"2022-04-07T05:47:45","slug":"antimilitaristische-raddemo-beim-ostermarsch-2022","status":"publish","type":"post","link":"https:\/\/gutleut.org\/schoen28\/index.php\/2022\/04\/07\/antimilitaristische-raddemo-beim-ostermarsch-2022\/","title":{"rendered":"Antimilitaristische Raddemo beim Ostermarsch 2022"},"content":{"rendered":"\n<figure class=\"wp-block-image size-large\"><img loading=\"lazy\" decoding=\"async\" width=\"1024\" height=\"768\" src=\"https:\/\/gutleut.org\/schoen28\/wp-content\/uploads\/2022\/04\/signal-2022-04-06-123432_001-1024x768.jpeg\" alt=\"\" class=\"wp-image-81\" srcset=\"https:\/\/gutleut.org\/schoen28\/wp-content\/uploads\/2022\/04\/signal-2022-04-06-123432_001-1024x768.jpeg 1024w, https:\/\/gutleut.org\/schoen28\/wp-content\/uploads\/2022\/04\/signal-2022-04-06-123432_001-300x225.jpeg 300w, https:\/\/gutleut.org\/schoen28\/wp-content\/uploads\/2022\/04\/signal-2022-04-06-123432_001-768x576.jpeg 768w, https:\/\/gutleut.org\/schoen28\/wp-content\/uploads\/2022\/04\/signal-2022-04-06-123432_001-1536x1152.jpeg 1536w, https:\/\/gutleut.org\/schoen28\/wp-content\/uploads\/2022\/04\/signal-2022-04-06-123432_001.jpeg 2048w\" sizes=\"auto, (max-width: 1024px) 100vw, 1024px\" \/><\/figure>\n\n\n\n<p><strong>Die Waffen nieder! Stoppt den Krieg in der Ukraine!<\/strong><\/p>\n\n\n\n<p>V<strong>on der BAFA\/Eschborn zum R\u00f6mer\/Frankfurt<\/strong><\/p>\n\n\n\n<p><strong>Ostermarsch auf R\u00e4dern<br>Montag, 18. April 2022, 10:30 Uhr<br>BAFA, Frankfurter Stra\u00dfe, Eschborn<\/strong><\/p>\n\n\n\n<p>Der Angriffskrieg des russischen Staates auf die Ukraine ist eine Katastrophe \u2013 f\u00fcr die Menschen in der Ukraine, die vor den Kampfhandlungen fliehen m\u00fcssen, f\u00fcr Menschen, die aufgrund von Hautfarbe und Herkunft nur Fl\u00fcchtende zweiter Klasse sind. Er ist eine Katastrophe f\u00fcr M\u00e4nner und Transpersonen im sogenannt wehrf\u00e4higen Alter, die zwangsrekrutiert und in den Krieg geschickt werden oder sich dem widersetzen; f\u00fcr viele Frauen, Flinta und Kinder, die nun Gewalt, Zwangsprostitution und Rechtlosigkeit ausgesetzt sein werden; f\u00fcr Friedensaktivist:innen in Russland, die gegen Putins Krieg auf die Stra\u00dfe gehen und massenweise inhaftiert werden. Ihnen allen geh\u00f6rt unsere tiefe Solidarit\u00e4t.<\/p>\n\n\n\n<p>Zum Wesen der Katastrophe geh\u00f6rt, dass sie einschneidende Folgen mit sich bringt und das sie eine Dynamik f\u00fcr die Militarisierung der Imperien und damit auch der Gesellschaft in Gang gebracht hat. Die Regierung beschliest das gr\u00f6\u00dfte Aufr\u00fcstungsvorhaben seit 1945 innerhalb weniger Tage. Unvorstellbare Summen &#8211; die zuvor bei der Coronapandemie f\u00fcr das Gesundheitswesen oder gegen die Klimakrise nicht vorhanden waren, werden in R\u00fcstungsprojekte gesteckt, die nun laut Regierungssprech \u201eoberste Priorit\u00e4t genie\u00dfen\u201c, was nichts anderes hei\u00dft, als dass diese Vorhaben nicht mehr verhandelbar sind. Zeitenwende!<\/p>\n\n\n\n<p>Eine &#8222;Neue Wehrhaftigkeit&#8220; wird als Maxime aller Politik verk\u00fcndet, dem sich alles unter zu ordnen hat. Da machen wir nicht mit. Die erhoffte sozial-\u00f6kologische Wende ist schon jetzt die militarisierte Modernisierung des Kapitalismus zur Durchsetzung imperialer Interessen. Dagegen wollen wir eine antimilitaristische Bewegung aufbauen, die sich mit allen verb\u00fcndet, die von links und von unten f\u00fcr eine Gesellschaft ohne Krieg, Repression und Ausbeutung k\u00e4mpft.<\/p>\n\n\n\n<p>Als Antimilitarist:innen m\u00fcssen wir f\u00fcr die, die in diesen Kriegsl\u00e4rm keine Stimme mehr haben, die zum Schweigen gebracht wurden, eine Stimme sein!<\/p>\n\n\n\n<p>F\u00fcr uns ist klar:<br>Wir stehen f\u00fcr die internationale Solidarit\u00e4t zwischen allen V\u00f6lkern und Unterdr\u00fcckten. Wir sind nicht Teil dieses Systems der gegenseitigen Legitimation von Kriegshandlungen und Aufr\u00fcstung. Militarisierung ist keine Solidarit\u00e4t!<\/p>\n\n\n\n<p>Lasst uns gemeinsam die geplante Hochr\u00fcstung und Wehrert\u00fcchtigung sabotieren. Lassen wir es nicht zu, dass die deutsche R\u00fcstungsindustrie weiter am Tod und Leid der Menschen profitiert. Blockieren wir die Waffenproduktion und den Export.<\/p>\n\n\n\n<p>Wir sehen uns beim Ostermarsch auf der antimilitaristischen Raddemo vom Bundesamt f\u00fcr R\u00fcstungsausfuhrgenehmigungen und Wirtschaft in Eschborn zum R\u00f6mer.<br>Bringt Fahnen, Wimpel, Tafeln, Transparente mit. Kommt mit antimilitaristisch gestalteten R\u00e4dern und anderen Fahrzeugen<\/p>\n\n\n\n<p><strong>Antimilitaristische Fahrraddemo beim Ostermarsch 2022, 18. April 2022, 10:30 Uhr<\/strong><\/p>\n\n\n\n<p>Start: BAFA, Frankf<strong>urter Stra\u00dfe, Eschborn<\/strong><\/p>\n\n\n\n<p>warstartshere: In Kriegszeiten wie diesen ist das Bundesamt f\u00fcr Wirtschaft und Ausfuhrkontrolle (BAFA) noch zentraler geworden, denn es ist zust\u00e4ndig f\u00fcr die Genehmigung deutscher R\u00fcstungsexporte.<br>Um diesen Job von Schreibtischt\u00e4ter:innen zu blockieren wurde bereits vor zwei Jahren am 4. Februar 2020 diese Beh\u00f6rde besetzt und damit an diesem Tag erfolgreich die Genehmigungen von Waffenexporten Made in Germany verhindert.<\/p>\n\n\n\n<p>Seitdem werden die Aktivist:innen mit Strafprozessen u.a. wegen HausFRIEDENSbruch \u00fcberzogen. Trotzdem tragen wir unseren Protest und Widerstand weiter auf die Stra\u00dfe! #riseup4solidarity<\/p>\n\n\n\n<p><strong>Zwischenstopp: Bundeswehrkaserne in Hausen<\/strong><\/p>\n\n\n\n<p>Die von der Ampel-Regierung postulierte &#8222;Neue Wehrhaftigkeit&#8220; diskutiert auch die Wiedereinf\u00fchrung der Wehrpflicht. Unabh\u00e4ngig davon, ob ein solches Vorhaben machbar ist, steigert die Regierung die Werbung und Rekrutierung von Soldat:innen f\u00fcr den Kriegseinsatz. Die Bundeswehr-Kaserne im Industriehof ist zentral daf\u00fcr: Hier wird der Einsatz von Bundeswehroffizieren an Schulen, Unis und Arbeits\u00e4mtern geplant und koordiniert; hier werden die medialen Werbekampagnen initiiert, die das T\u00f6ten im Staatsauftrag sch\u00f6nreden: bundeswehrkarriere.de #machwaswirklichz\u00e4hlt<\/p>\n\n\n\n<p>Die Hausener Kaserne koordiniert auch die Luft\u00fcberwachung zwischen milit\u00e4rischem und zivilen Flugverkehr.<\/p>\n\n\n\n<p><strong>Zwischenstopp: Messe Frankfurt<\/strong><\/p>\n\n\n\n<p>Vom 31. Mai bis zum 02. Juni 2022 findet dieses Jahr zum 12. mal die so genannte GPEC General Police Equipment Exhibition &amp; Conference in Halle 3 der Messe Frankfurt am Main statt. Diese Waffenmesse, die sich selbst als &#8222;internationale Fachmesse f\u00fcr Innere Sicherheit&#8220; bezeichnet, wendet sich ausschlie\u00dflich an das Personal von Beh\u00f6rden, um ihnen die neueste Polizei- und Spezialausr\u00fcstung schmackhaft zu machen: z.B. gegen innere Aufst\u00e4nde und die Frontex-Grenzsicherung.<br>Wir rufen dazu auf, dieses Jahr den Protest und Widerstand gegen diese Messe zu verst\u00e4rken: Keine Waffenmesse in Frankfurt!<\/p>\n\n\n\n<p>Von diesem Zwischenstopp haben wir auch einen Blick auf einen der gr\u00f6\u00dften Milit\u00e4rlogistiker: DB Schenker. Kein Krieg ohne Panzer- und Truppentransporte, Kein Krieg ohne Nachschub an Waffen und Munition.<\/p>\n\n\n\n<p><strong>Zwischenstopp: Bankenviertel<\/strong><\/p>\n\n\n\n<p>Deutsche Waffen, deutsches Geld morden mit in aller Welt! Das gilt gerade auch im aktuellen Krieg. Ein gro\u00dfer Teil der Banken, Versicherungen und Investmentfirmen, die R\u00fcstungsproduktion finanzieren und an ihrem Einsatz und der Zerst\u00f6rung, die sie anrichten, verdienen, haben ihren Sitz im frankfuter Bankenviertel.<\/p>\n\n\n\n<p><strong>Abschluss: Ostermarsch-Kundgebung auf dem R\u00f6mer<\/strong><\/p>\n\n\n\n<p>War starts here \u2013 let&#8217;s stop i<strong>t here!<\/strong><\/p>\n\n\n\n<p>Rheinmetall entwaffnen RheinMain<\/p>\n\n\n\n<p><strong>rheinmetall-entwaffnen-rheinmain@riseup.net<br>https:\/\/weg-der-erinnerung.solikom.de<br>@warstartshereF @riseupforsolid4<\/strong><\/p>\n","protected":false},"excerpt":{"rendered":"<p>Die Waffen nieder! Stoppt den Krieg in der Ukraine! Von der BAFA\/Eschborn zum R\u00f6mer\/Frankfurt Ostermarsch auf R\u00e4dernMontag, 18. April 2022, 10:30 UhrBAFA, Frankfurter Stra\u00dfe, Eschborn Der Angriffskrieg des russischen Staates auf die Ukraine ist eine Katastrophe \u2013 f\u00fcr die Menschen in der Ukraine, die vor den Kampfhandlungen fliehen m\u00fcssen, f\u00fcr Menschen, die aufgrund von Hautfarbe [&hellip;]<\/p>\n","protected":false},"author":1,"featured_media":81,"comment_status":"open","ping_status":"open","sticky":false,"template":"","format":"standard","meta":{"footnotes":""},"categories":[5],"tags":[],"class_list":["post-80","post","type-post","status-publish","format-standard","has-post-thumbnail","hentry","category-schaufenster"],"yoast_head":"<!-- This site is optimized with the Yoast SEO plugin v19.7.1 - https:\/\/yoast.com\/wordpress\/plugins\/seo\/ -->\n<title>Antimilitaristische Raddemo beim Ostermarsch 2022 - Sch\u00f6n28 - der Initiativenladen<\/title>\n<meta name=\"robots\" content=\"index, follow, max-snippet:-1, max-image-preview:large, max-video-preview:-1\" \/>\n<link rel=\"canonical\" href=\"https:\/\/gutleut.org\/schoen28\/index.php\/2022\/04\/07\/antimilitaristische-raddemo-beim-ostermarsch-2022\/\" \/>\n<meta property=\"og:locale\" content=\"de_DE\" \/>\n<meta property=\"og:type\" content=\"article\" \/>\n<meta property=\"og:title\" content=\"Antimilitaristische Raddemo beim Ostermarsch 2022 - Sch\u00f6n28 - der Initiativenladen\" \/>\n<meta property=\"og:description\" content=\"Die Waffen nieder! Stoppt den Krieg in der Ukraine! Von der BAFA\/Eschborn zum R\u00f6mer\/Frankfurt Ostermarsch auf R\u00e4dernMontag, 18. April 2022, 10:30 UhrBAFA, Frankfurter Stra\u00dfe, Eschborn Der Angriffskrieg des russischen Staates auf die Ukraine ist eine Katastrophe \u2013 f\u00fcr die Menschen in der Ukraine, die vor den Kampfhandlungen fliehen m\u00fcssen, f\u00fcr Menschen, die aufgrund von Hautfarbe [&hellip;]\" \/>\n<meta property=\"og:url\" content=\"https:\/\/gutleut.org\/schoen28\/index.php\/2022\/04\/07\/antimilitaristische-raddemo-beim-ostermarsch-2022\/\" \/>\n<meta property=\"og:site_name\" content=\"Sch\u00f6n28 - der Initiativenladen\" \/>\n<meta property=\"article:published_time\" content=\"2022-04-07T05:29:58+00:00\" \/>\n<meta property=\"article:modified_time\" content=\"2022-04-07T05:47:45+00:00\" \/>\n<meta property=\"og:image\" content=\"https:\/\/gutleut.org\/schoen28\/wp-content\/uploads\/2022\/04\/signal-2022-04-06-123432_001.jpeg\" \/>\n\t<meta property=\"og:image:width\" content=\"2048\" \/>\n\t<meta property=\"og:image:height\" content=\"1536\" \/>\n\t<meta property=\"og:image:type\" content=\"image\/jpeg\" \/>\n<meta name=\"author\" content=\"admin\" \/>\n<meta name=\"twitter:card\" content=\"summary_large_image\" \/>\n<meta name=\"twitter:label1\" content=\"Verfasst von\" \/>\n\t<meta name=\"twitter:data1\" content=\"admin\" \/>\n\t<meta name=\"twitter:label2\" content=\"Gesch\u00e4tzte Lesezeit\" \/>\n\t<meta name=\"twitter:data2\" content=\"5\u00a0Minuten\" \/>\n<script type=\"application\/ld+json\" class=\"yoast-schema-graph\">{\"@context\":\"https:\/\/schema.org\",\"@graph\":[{\"@type\":\"WebPage\",\"@id\":\"https:\/\/gutleut.org\/schoen28\/index.php\/2022\/04\/07\/antimilitaristische-raddemo-beim-ostermarsch-2022\/\",\"url\":\"https:\/\/gutleut.org\/schoen28\/index.php\/2022\/04\/07\/antimilitaristische-raddemo-beim-ostermarsch-2022\/\",\"name\":\"Antimilitaristische Raddemo beim Ostermarsch 2022 - Sch\u00f6n28 - der Initiativenladen\",\"isPartOf\":{\"@id\":\"https:\/\/gutleut.org\/schoen28\/#website\"},\"datePublished\":\"2022-04-07T05:29:58+00:00\",\"dateModified\":\"2022-04-07T05:47:45+00:00\",\"author\":{\"@id\":\"https:\/\/gutleut.org\/schoen28\/#\/schema\/person\/ba52d281fd88cc5e4148a20834341170\"},\"breadcrumb\":{\"@id\":\"https:\/\/gutleut.org\/schoen28\/index.php\/2022\/04\/07\/antimilitaristische-raddemo-beim-ostermarsch-2022\/#breadcrumb\"},\"inLanguage\":\"de\",\"potentialAction\":[{\"@type\":\"ReadAction\",\"target\":[\"https:\/\/gutleut.org\/schoen28\/index.php\/2022\/04\/07\/antimilitaristische-raddemo-beim-ostermarsch-2022\/\"]}]},{\"@type\":\"BreadcrumbList\",\"@id\":\"https:\/\/gutleut.org\/schoen28\/index.php\/2022\/04\/07\/antimilitaristische-raddemo-beim-ostermarsch-2022\/#breadcrumb\",\"itemListElement\":[{\"@type\":\"ListItem\",\"position\":1,\"name\":\"Startseite\",\"item\":\"https:\/\/gutleut.org\/schoen28\/\"},{\"@type\":\"ListItem\",\"position\":2,\"name\":\"Antimilitaristische Raddemo beim Ostermarsch 2022\"}]},{\"@type\":\"WebSite\",\"@id\":\"https:\/\/gutleut.org\/schoen28\/#website\",\"url\":\"https:\/\/gutleut.org\/schoen28\/\",\"name\":\"Sch\u00f6n28 - der Initiativenladen\",\"description\":\"links.unten.bewegt\",\"potentialAction\":[{\"@type\":\"SearchAction\",\"target\":{\"@type\":\"EntryPoint\",\"urlTemplate\":\"https:\/\/gutleut.org\/schoen28\/?s={search_term_string}\"},\"query-input\":\"required name=search_term_string\"}],\"inLanguage\":\"de\"},{\"@type\":\"Person\",\"@id\":\"https:\/\/gutleut.org\/schoen28\/#\/schema\/person\/ba52d281fd88cc5e4148a20834341170\",\"name\":\"admin\",\"image\":{\"@type\":\"ImageObject\",\"inLanguage\":\"de\",\"@id\":\"https:\/\/gutleut.org\/schoen28\/#\/schema\/person\/image\/\",\"url\":\"https:\/\/secure.gravatar.com\/avatar\/9faf66519c759ac3ac5950824dde4adca360b66e5659b4eb74f339b839d8b3f7?s=96&d=mm&r=g\",\"contentUrl\":\"https:\/\/secure.gravatar.com\/avatar\/9faf66519c759ac3ac5950824dde4adca360b66e5659b4eb74f339b839d8b3f7?s=96&d=mm&r=g\",\"caption\":\"admin\"},\"sameAs\":[\"https:\/\/gutleut.org\/schoen28\"],\"url\":\"https:\/\/gutleut.org\/schoen28\/index.php\/author\/admin_s28\/\"}]}<\/script>\n<!-- \/ Yoast SEO plugin. -->","yoast_head_json":{"title":"Antimilitaristische Raddemo beim Ostermarsch 2022 - Sch\u00f6n28 - der Initiativenladen","robots":{"index":"index","follow":"follow","max-snippet":"max-snippet:-1","max-image-preview":"max-image-preview:large","max-video-preview":"max-video-preview:-1"},"canonical":"https:\/\/gutleut.org\/schoen28\/index.php\/2022\/04\/07\/antimilitaristische-raddemo-beim-ostermarsch-2022\/","og_locale":"de_DE","og_type":"article","og_title":"Antimilitaristische Raddemo beim Ostermarsch 2022 - Sch\u00f6n28 - der Initiativenladen","og_description":"Die Waffen nieder! Stoppt den Krieg in der Ukraine! Von der BAFA\/Eschborn zum R\u00f6mer\/Frankfurt Ostermarsch auf R\u00e4dernMontag, 18. April 2022, 10:30 UhrBAFA, Frankfurter Stra\u00dfe, Eschborn Der Angriffskrieg des russischen Staates auf die Ukraine ist eine Katastrophe \u2013 f\u00fcr die Menschen in der Ukraine, die vor den Kampfhandlungen fliehen m\u00fcssen, f\u00fcr Menschen, die aufgrund von Hautfarbe [&hellip;]","og_url":"https:\/\/gutleut.org\/schoen28\/index.php\/2022\/04\/07\/antimilitaristische-raddemo-beim-ostermarsch-2022\/","og_site_name":"Sch\u00f6n28 - der Initiativenladen","article_published_time":"2022-04-07T05:29:58+00:00","article_modified_time":"2022-04-07T05:47:45+00:00","og_image":[{"width":2048,"height":1536,"url":"https:\/\/gutleut.org\/schoen28\/wp-content\/uploads\/2022\/04\/signal-2022-04-06-123432_001.jpeg","type":"image\/jpeg"}],"author":"admin","twitter_card":"summary_large_image","twitter_misc":{"Verfasst von":"admin","Gesch\u00e4tzte Lesezeit":"5\u00a0Minuten"},"schema":{"@context":"https:\/\/schema.org","@graph":[{"@type":"WebPage","@id":"https:\/\/gutleut.org\/schoen28\/index.php\/2022\/04\/07\/antimilitaristische-raddemo-beim-ostermarsch-2022\/","url":"https:\/\/gutleut.org\/schoen28\/index.php\/2022\/04\/07\/antimilitaristische-raddemo-beim-ostermarsch-2022\/","name":"Antimilitaristische Raddemo beim Ostermarsch 2022 - Sch\u00f6n28 - der Initiativenladen","isPartOf":{"@id":"https:\/\/gutleut.org\/schoen28\/#website"},"datePublished":"2022-04-07T05:29:58+00:00","dateModified":"2022-04-07T05:47:45+00:00","author":{"@id":"https:\/\/gutleut.org\/schoen28\/#\/schema\/person\/ba52d281fd88cc5e4148a20834341170"},"breadcrumb":{"@id":"https:\/\/gutleut.org\/schoen28\/index.php\/2022\/04\/07\/antimilitaristische-raddemo-beim-ostermarsch-2022\/#breadcrumb"},"inLanguage":"de","potentialAction":[{"@type":"ReadAction","target":["https:\/\/gutleut.org\/schoen28\/index.php\/2022\/04\/07\/antimilitaristische-raddemo-beim-ostermarsch-2022\/"]}]},{"@type":"BreadcrumbList","@id":"https:\/\/gutleut.org\/schoen28\/index.php\/2022\/04\/07\/antimilitaristische-raddemo-beim-ostermarsch-2022\/#breadcrumb","itemListElement":[{"@type":"ListItem","position":1,"name":"Startseite","item":"https:\/\/gutleut.org\/schoen28\/"},{"@type":"ListItem","position":2,"name":"Antimilitaristische Raddemo beim Ostermarsch 2022"}]},{"@type":"WebSite","@id":"https:\/\/gutleut.org\/schoen28\/#website","url":"https:\/\/gutleut.org\/schoen28\/","name":"Sch\u00f6n28 - der Initiativenladen","description":"links.unten.bewegt","potentialAction":[{"@type":"SearchAction","target":{"@type":"EntryPoint","urlTemplate":"https:\/\/gutleut.org\/schoen28\/?s={search_term_string}"},"query-input":"required name=search_term_string"}],"inLanguage":"de"},{"@type":"Person","@id":"https:\/\/gutleut.org\/schoen28\/#\/schema\/person\/ba52d281fd88cc5e4148a20834341170","name":"admin","image":{"@type":"ImageObject","inLanguage":"de","@id":"https:\/\/gutleut.org\/schoen28\/#\/schema\/person\/image\/","url":"https:\/\/secure.gravatar.com\/avatar\/9faf66519c759ac3ac5950824dde4adca360b66e5659b4eb74f339b839d8b3f7?s=96&d=mm&r=g","contentUrl":"https:\/\/secure.gravatar.com\/avatar\/9faf66519c759ac3ac5950824dde4adca360b66e5659b4eb74f339b839d8b3f7?s=96&d=mm&r=g","caption":"admin"},"sameAs":["https:\/\/gutleut.org\/schoen28"],"url":"https:\/\/gutleut.org\/schoen28\/index.php\/author\/admin_s28\/"}]}},"_links":{"self":[{"href":"https:\/\/gutleut.org\/schoen28\/index.php\/wp-json\/wp\/v2\/posts\/80","targetHints":{"allow":["GET"]}}],"collection":[{"href":"https:\/\/gutleut.org\/schoen28\/index.php\/wp-json\/wp\/v2\/posts"}],"about":[{"href":"https:\/\/gutleut.org\/schoen28\/index.php\/wp-json\/wp\/v2\/types\/post"}],"author":[{"embeddable":true,"href":"https:\/\/gutleut.org\/schoen28\/index.php\/wp-json\/wp\/v2\/users\/1"}],"replies":[{"embeddable":true,"href":"https:\/\/gutleut.org\/schoen28\/index.php\/wp-json\/wp\/v2\/comments?post=80"}],"version-history":[{"count":1,"href":"https:\/\/gutleut.org\/schoen28\/index.php\/wp-json\/wp\/v2\/posts\/80\/revisions"}],"predecessor-version":[{"id":82,"href":"https:\/\/gutleut.org\/schoen28\/index.php\/wp-json\/wp\/v2\/posts\/80\/revisions\/82"}],"wp:featuredmedia":[{"embeddable":true,"href":"https:\/\/gutleut.org\/schoen28\/index.php\/wp-json\/wp\/v2\/media\/81"}],"wp:attachment":[{"href":"https:\/\/gutleut.org\/schoen28\/index.php\/wp-json\/wp\/v2\/media?parent=80"}],"wp:term":[{"taxonomy":"category","embeddable":true,"href":"https:\/\/gutleut.org\/schoen28\/index.php\/wp-json\/wp\/v2\/categories?post=80"},{"taxonomy":"post_tag","embeddable":true,"href":"https:\/\/gutleut.org\/schoen28\/index.php\/wp-json\/wp\/v2\/tags?post=80"}],"curies":[{"name":"wp","href":"https:\/\/api.w.org\/{rel}","templated":true}]}}